{"id":2228,"date":"2018-09-20T22:33:01","date_gmt":"2018-09-20T20:33:01","guid":{"rendered":"http:\/\/www.hillclimb.de\/?p=2228"},"modified":"2019-05-30T08:37:38","modified_gmt":"2019-05-30T06:37:38","slug":"mtbo-wc-finale-es-geht-nochmal-los","status":"publish","type":"post","link":"https:\/\/www.hillclimb.de\/?p=2228","title":{"rendered":"MTBO-WC Finale &#8211; Es geht nochmal los"},"content":{"rendered":"<p><strong>Nachdem ich die letzten MTBO&#8217;s vor allem aber die WM in \u00d6sterreich habe unkommentiert lassen werde ich nun wieder ein wenig von den anstehenden Rennen berichten. Vielleicht trage ich sp\u00e4ter noch ein paar Gedanken rund um die WM nach.<\/strong><\/p>\n<p><!--more--><\/p>\n<p>Mittwoch zeitig morgens klingelte der Wecker tief in der Nacht, denn bereits 6 Uhr sollte der Flieger mit mir Richtung Lissabon abheben. Nach gut 30 min Versp\u00e4tung tat er es auch und gut 3.5 h und einige nachgeholte Schlafminuten sp\u00e4ter erreichten wir die Hauptstadt Portugals. Beim Auto abholen waren wir schon auf der \u00dcberholspur, weil uns ein Mitarbeiter auf der Suche des Vermieters aufgabelte und uns dann auch gleich direkt zum Auto f\u00fchrte, an allen anderen Wartenden vorbei. Nachdem ein Radladen aufgesucht war und wir uns im Wettkampfzentrum anmeldeten und die Startunterlagen mitnahmen ging es zum Hotel mit Pool und Tennisplatz. Idyllisch gelegen fehlt es hier eigentlich an nichts. Zum Abendbrot fuhren wir nach Vila Nova de Milefontes wo der Flu\u00df Mira in den Atlantik m\u00fcndet.. Ein Steilk\u00fcstenabschnitt pr\u00e4gt den Ort an der Atlantikk\u00fcste, w\u00e4hrend der Flu\u00df seichtes Gew\u00e4sser f\u00fcr jeglichen Wassersport bietet.<\/p>\n<p style=\"text-align: center;\"><a href=\"http:\/\/www.hillclimb.de\/wp-content\/uploads\/2018\/09\/20180920_083134e1000.jpg\"><img loading=\"lazy\" decoding=\"async\" class=\"alignnone size-medium wp-image-2224\" src=\"http:\/\/www.hillclimb.de\/wp-content\/uploads\/2018\/09\/20180920_083134e1000-300x169.jpg\" alt=\"20180920_083134e1000\" width=\"300\" height=\"169\" \/><\/a> <a href=\"http:\/\/www.hillclimb.de\/wp-content\/uploads\/2018\/09\/20180919_173734e1000.jpg\"><img loading=\"lazy\" decoding=\"async\" class=\"alignnone size-medium wp-image-2227\" src=\"http:\/\/www.hillclimb.de\/wp-content\/uploads\/2018\/09\/20180919_173734e1000-169x300.jpg\" alt=\"20180919_173734e1000\" width=\"169\" height=\"300\" \/><\/a> <a href=\"http:\/\/www.hillclimb.de\/wp-content\/uploads\/2018\/09\/20180920_080302e1000.jpg\"><img loading=\"lazy\" decoding=\"async\" class=\"alignnone size-medium wp-image-2226\" src=\"http:\/\/www.hillclimb.de\/wp-content\/uploads\/2018\/09\/20180920_080302e1000-300x169.jpg\" alt=\"20180920_080302e1000\" width=\"300\" height=\"169\" \/><\/a> <a href=\"http:\/\/www.hillclimb.de\/wp-content\/uploads\/2018\/09\/20180919_152241e1000.jpg\"><img loading=\"lazy\" decoding=\"async\" class=\"alignnone size-medium wp-image-2216\" src=\"http:\/\/www.hillclimb.de\/wp-content\/uploads\/2018\/09\/20180919_152241e1000-300x183.jpg\" alt=\"20180919_152241e1000\" width=\"300\" height=\"183\" \/><\/a> <a href=\"http:\/\/www.hillclimb.de\/wp-content\/uploads\/2018\/09\/20180919_165244e2000.jpg\"><img loading=\"lazy\" decoding=\"async\" class=\"alignnone size-medium wp-image-2214\" src=\"http:\/\/www.hillclimb.de\/wp-content\/uploads\/2018\/09\/20180919_165244e2000-300x109.jpg\" alt=\"20180919_165244e2000\" width=\"300\" height=\"109\" \/><\/a> <a href=\"http:\/\/www.hillclimb.de\/wp-content\/uploads\/2018\/09\/20180919_175001e1600.jpg\"><img loading=\"lazy\" decoding=\"async\" class=\"alignnone size-medium wp-image-2213\" src=\"http:\/\/www.hillclimb.de\/wp-content\/uploads\/2018\/09\/20180919_175001e1600-300x169.jpg\" alt=\"20180919_175001e1600\" width=\"300\" height=\"169\" \/><\/a><\/p>\n<p>Am heutigen Donnerstag ging es zum Model-Event wo wir uns mal wieder ein wenig an das portugiesche Terrain gew\u00f6hnen konnten. Ich ging das sehr zur\u00fcckhaltend an und versuchte soweit wie m\u00f6glich nicht au\u00dfer Atem zu kommen, da ich mir prompt letzten Sonntag eine Erk\u00e4ltung eingefangen hatte. Schade, denn die Beine zeigten zuletzt eine gute Form. Aber schauen wir mal wie es sich morgen verh\u00e4lt. Das heutige Gebiet war doch recht steil und schroff, eigentlich eher Fully-Gel\u00e4nde. Ich hatte mich auf Grund der Angaben im Bulletin dazu entschieden das Hardtail einzusetzen, bislang denke ich war das nicht die richtige Entscheidung. Wir konnten jedoch von einem H\u00fcgel auf das morgige Gel\u00e4nde blicken, welches deutlich flacher und geschmeidiger aussah.<\/p>\n<p style=\"text-align: center;\"><a href=\"http:\/\/www.hillclimb.de\/wp-content\/uploads\/2018\/09\/20180920_082237e1000.jpg\"><img loading=\"lazy\" decoding=\"async\" class=\"alignnone size-medium wp-image-2225\" src=\"http:\/\/www.hillclimb.de\/wp-content\/uploads\/2018\/09\/20180920_082237e1000-118x300.jpg\" alt=\"20180920_082237e1000\" width=\"118\" height=\"300\" \/><\/a> <a href=\"http:\/\/www.hillclimb.de\/wp-content\/uploads\/2018\/09\/20180920_121633e800.jpg\"><img loading=\"lazy\" decoding=\"async\" class=\"alignnone size-medium wp-image-2223\" src=\"http:\/\/www.hillclimb.de\/wp-content\/uploads\/2018\/09\/20180920_121633e800-300x187.jpg\" alt=\"20180920_121633e800\" width=\"300\" height=\"187\" \/><\/a> <a href=\"http:\/\/www.hillclimb.de\/wp-content\/uploads\/2018\/09\/20180920_122003e1000.jpg\"><img loading=\"lazy\" decoding=\"async\" class=\"alignnone size-medium wp-image-2222\" src=\"http:\/\/www.hillclimb.de\/wp-content\/uploads\/2018\/09\/20180920_122003e1000-300x169.jpg\" alt=\"20180920_122003e1000\" width=\"300\" height=\"169\" \/><\/a> <a href=\"http:\/\/www.hillclimb.de\/wp-content\/uploads\/2018\/09\/20180920_123549e1000.jpg\"><img loading=\"lazy\" decoding=\"async\" class=\"alignnone size-medium wp-image-2221\" src=\"http:\/\/www.hillclimb.de\/wp-content\/uploads\/2018\/09\/20180920_123549e1000-300x169.jpg\" alt=\"20180920_123549e1000\" width=\"300\" height=\"169\" \/><\/a> <a href=\"http:\/\/www.hillclimb.de\/wp-content\/uploads\/2018\/09\/20180919_152652e1000.jpg\"><img loading=\"lazy\" decoding=\"async\" class=\"alignnone size-medium wp-image-2215\" src=\"http:\/\/www.hillclimb.de\/wp-content\/uploads\/2018\/09\/20180919_152652e1000-234x300.jpg\" alt=\"20180919_152652e1000\" width=\"234\" height=\"300\" \/><\/a><\/p>\n<p>Also warten wir gespannt auf morgen, was Nase, die in den letzten Tagen ungenutzten Beine und Gel\u00e4ndetyp uns sagen. Ich freue mich schon. Als letze Starterin der Orangnen Startgruppe bekomme ich einen GPS-Tracker, so dass ihr mich live verfolgen k\u00f6nnt. Mein Start ist um 11:13 Uhr, was in deutscher Zeit erst 12:13 ist. Weitere Info&#8217;s findet ihr hier auf der offiziellen Event-Seite: <a href=\"http:\/\/mtbo2018.fpo.pt\/wpmtbo\/en\/\" target=\"_blank\" rel=\"noopener noreferrer\">http:\/\/mtbo2018.fpo.pt\/wpmtbo\/en\/<\/a><\/p>\n<p>&nbsp;<\/p>\n<p style=\"text-align: center;\"><a href=\"http:\/\/www.hillclimb.de\/wp-content\/uploads\/2018\/09\/IMG_1479e1000.jpg\"><img loading=\"lazy\" decoding=\"async\" class=\"alignnone size-medium wp-image-2218\" src=\"http:\/\/www.hillclimb.de\/wp-content\/uploads\/2018\/09\/IMG_1479e1000-300x225.jpg\" alt=\"IMG_1479e1000\" width=\"300\" height=\"225\" \/><\/a> <a href=\"http:\/\/www.hillclimb.de\/wp-content\/uploads\/2018\/09\/IMG_1484e1000.jpg\"><img loading=\"lazy\" decoding=\"async\" class=\"alignnone size-medium wp-image-2219\" src=\"http:\/\/www.hillclimb.de\/wp-content\/uploads\/2018\/09\/IMG_1484e1000-225x300.jpg\" alt=\"IMG_1484e1000\" width=\"225\" height=\"300\" \/><\/a> <a href=\"http:\/\/www.hillclimb.de\/wp-content\/uploads\/2018\/09\/IMG_1476e1000.jpg\"><img loading=\"lazy\" decoding=\"async\" class=\"alignnone size-medium wp-image-2217\" src=\"http:\/\/www.hillclimb.de\/wp-content\/uploads\/2018\/09\/IMG_1476e1000-300x225.jpg\" alt=\"IMG_1476e1000\" width=\"300\" height=\"225\" \/><\/a><\/p>\n<p style=\"text-align: center;\"><a href=\"http:\/\/www.hillclimb.de\/wp-content\/uploads\/2018\/09\/20180920_183139e1000.jpg\"><img loading=\"lazy\" decoding=\"async\" class=\"alignnone size-medium wp-image-2232\" src=\"http:\/\/www.hillclimb.de\/wp-content\/uploads\/2018\/09\/20180920_183139e1000-300x300.jpg\" alt=\"20180920_183139e1000\" width=\"300\" height=\"300\" \/><\/a><\/p>\n","protected":false},"excerpt":{"rendered":"<p>Nachdem ich die letzten MTBO&#8217;s vor allem aber die WM in \u00d6sterreich habe unkommentiert lassen werde ich nun wieder ein wenig von den anstehenden Rennen berichten. Vielleicht trage ich sp\u00e4ter noch ein paar Gedanken rund um die WM nach.<\/p>\n","protected":false},"author":1,"featured_media":2221,"comment_status":"closed","ping_status":"open","sticky":false,"template":"","format":"standard","meta":{"footnotes":""},"categories":[7],"tags":[],"_links":{"self":[{"href":"https:\/\/www.hillclimb.de\/index.php?rest_route=\/wp\/v2\/posts\/2228"}],"collection":[{"href":"https:\/\/www.hillclimb.de\/index.php?rest_route=\/wp\/v2\/posts"}],"about":[{"href":"https:\/\/www.hillclimb.de\/index.php?rest_route=\/wp\/v2\/types\/post"}],"author":[{"embeddable":true,"href":"https:\/\/www.hillclimb.de\/index.php?rest_route=\/wp\/v2\/users\/1"}],"replies":[{"embeddable":true,"href":"https:\/\/www.hillclimb.de\/index.php?rest_route=%2Fwp%2Fv2%2Fcomments&post=2228"}],"version-history":[{"count":0,"href":"https:\/\/www.hillclimb.de\/index.php?rest_route=\/wp\/v2\/posts\/2228\/revisions"}],"wp:featuredmedia":[{"embeddable":true,"href":"https:\/\/www.hillclimb.de\/index.php?rest_route=\/"}],"wp:attachment":[{"href":"https:\/\/www.hillclimb.de\/index.php?rest_route=%2Fwp%2Fv2%2Fmedia&parent=2228"}],"wp:term":[{"taxonomy":"category","embeddable":true,"href":"https:\/\/www.hillclimb.de\/index.php?rest_route=%2Fwp%2Fv2%2Fcategories&post=2228"},{"taxonomy":"post_tag","embeddable":true,"href":"https:\/\/www.hillclimb.de\/index.php?rest_route=%2Fwp%2Fv2%2Ftags&post=2228"}],"curies":[{"name":"wp","href":"https:\/\/api.w.org\/{rel}","templated":true}]}}