{"id":2825,"date":"2009-03-25T16:48:21","date_gmt":"2009-03-25T15:48:21","guid":{"rendered":"http:\/\/www.hillclimb.de\/?p=2825"},"modified":"2009-03-25T16:48:21","modified_gmt":"2009-03-25T15:48:21","slug":"cape-epic-2009-4-etappe","status":"publish","type":"post","link":"https:\/\/www.hillclimb.de\/?p=2825","title":{"rendered":"Cape Epic 2009 &#8211; 4. Etappe"},"content":{"rendered":"<p><strong>Der Tag begann ausgeschlafen, viertel vor 5 mit einem wunderbaren Fr\u00fchst\u00fcck im Zelt. Dann stellten wir uns obwohl viel zu sp\u00e4t nach ganz vornen in den Startblock und beim Aufr\u00fccken zu C taten wir das bis zur Mitte.<\/strong><\/p>\n<p><!--more-->Die Etappe begann also vor dem eigentlichen Start sehr gut. Dann herrschte aber als bald Verwirrung, das ganze Feld kam zum Stillstand, nunja, wie ein soeben 3 min auf der Strecke befindliches Feld ruhig bleibt, ein Gebl\u00f6ke und Geschreie und es dauerte nich lang, da wurden neue Wege durchs Geb\u00fcsch und den Vorgarten des Flussn\u00e4chsten Hauses geschaffen. Wir wurden falsch geleitet und die Br\u00fccke war kaputt. Bis km 80 lief es f\u00fcr uns richtig gut. In Gruppen konnten wir so einige H\u00fcgel einfach wegtreten. Vermutlich waren wir in der Mixed-Wertung Top10. Allerdings war die gute Morgenmahlzeit bald aufgebraucht und neue Energie musste her. Mit den hier angebotenen Isogetr\u00e4nken, das musste ich ja schon letztes Jahr feststellen, komme ich irgendwie ueberhaupt nicht klar. Also werde ich morgen nicht nur im Zelt fr\u00fchst\u00fccken sondern auch noch das eigene Getr\u00e4nkepulver f\u00fcr unterwegs einpacken. Auf den letzten 30 km haben wir so leider noch etwa 10 Platzierungen und eine halbe Stunde abgegeben. Aber auch wenn das schade ist, irgendwie stimmt das doch ein wenig froh, dass es langsam rollt. Morgen wird nochmal richtig schwer werden, irgendwie habe ich mich gestern wohl etwas erk\u00e4ltet. Hoffentlich ist das bis morgen entg\u00fcltig wieder weg. Doch bevor die Tastatur hei\u00df l\u00e4uft muss ich aufh\u00f6ren, denn ein Gewitter zieht auf und meine W\u00e4sche trocknet noch im leichten Wind. Die Etappe fuehrte uns heute zu Rang 18 in der Mixed-Wertung und insgesamt wieder auf den bekannten 174. Gesamtplatz mit Gesamtrang 20 in der Mixed-Wertung. Und was ja auch immer richtig sch\u00f6n ist, wenn wir ins Ziel kommen dann steht Eugene da und wir haben erstmal jemanden den man direkt auf der Ziellienen bis zum Umfallen vollreden kann, mit Sachen, die man da eben so auf dem Herzen hat &#8211; das tut gut und er h\u00f6rt geduldig zu.<\/p>\n<p><a href=\"http:\/\/www.hillclimb.de\/wp-content\/uploads\/2009\/03\/sportograf-4610942e1000.jpg\"><img loading=\"lazy\" decoding=\"async\" class=\"alignnone size-medium wp-image-2851 aligncenter\" src=\"http:\/\/www.hillclimb.de\/wp-content\/uploads\/2009\/03\/sportograf-4610942e1000-300x200.jpg\" alt=\"sportograf-4610942e1000\" width=\"300\" height=\"200\" \/><\/a><\/p>\n","protected":false},"excerpt":{"rendered":"<p>Der Tag begann ausgeschlafen, viertel vor 5 mit einem wunderbaren Fr\u00fchst\u00fcck im Zelt. Dann stellten wir uns obwohl viel zu sp\u00e4t nach ganz vornen in den Startblock und beim Aufr\u00fccken zu C taten wir das bis zur Mitte.<\/p>\n","protected":false},"author":1,"featured_media":2851,"comment_status":"closed","ping_status":"open","sticky":false,"template":"","format":"standard","meta":{"footnotes":""},"categories":[4],"tags":[],"_links":{"self":[{"href":"https:\/\/www.hillclimb.de\/index.php?rest_route=\/wp\/v2\/posts\/2825"}],"collection":[{"href":"https:\/\/www.hillclimb.de\/index.php?rest_route=\/wp\/v2\/posts"}],"about":[{"href":"https:\/\/www.hillclimb.de\/index.php?rest_route=\/wp\/v2\/types\/post"}],"author":[{"embeddable":true,"href":"https:\/\/www.hillclimb.de\/index.php?rest_route=\/wp\/v2\/users\/1"}],"replies":[{"embeddable":true,"href":"https:\/\/www.hillclimb.de\/index.php?rest_route=%2Fwp%2Fv2%2Fcomments&post=2825"}],"version-history":[{"count":0,"href":"https:\/\/www.hillclimb.de\/index.php?rest_route=\/wp\/v2\/posts\/2825\/revisions"}],"wp:featuredmedia":[{"embeddable":true,"href":"https:\/\/www.hillclimb.de\/index.php?rest_route=\/"}],"wp:attachment":[{"href":"https:\/\/www.hillclimb.de\/index.php?rest_route=%2Fwp%2Fv2%2Fmedia&parent=2825"}],"wp:term":[{"taxonomy":"category","embeddable":true,"href":"https:\/\/www.hillclimb.de\/index.php?rest_route=%2Fwp%2Fv2%2Fcategories&post=2825"},{"taxonomy":"post_tag","embeddable":true,"href":"https:\/\/www.hillclimb.de\/index.php?rest_route=%2Fwp%2Fv2%2Ftags&post=2825"}],"curies":[{"name":"wp","href":"https:\/\/api.w.org\/{rel}","templated":true}]}}