{"id":4045,"date":"2020-09-07T21:12:57","date_gmt":"2020-09-07T19:12:57","guid":{"rendered":"https:\/\/www.hillclimb.de\/?p=4045"},"modified":"2020-09-18T09:06:31","modified_gmt":"2020-09-18T07:06:31","slug":"norge-2020-mitm-auto-zelt-rad-kayak-5","status":"publish","type":"post","link":"https:\/\/www.hillclimb.de\/?p=4045","title":{"rendered":"Norge 2020 \u2013 mitm Auto, Zelt, Rad &#038; Kayak \u2013 #5"},"content":{"rendered":"\n<p>Die morgentliche W\u00e4sche gab es diesmal am Strand. Eisig, aber durchaus belebend, zumal die noch gelben Sonnenstrahlen schnell f\u00fcr die notwendige \u00e4u\u00dfere W\u00e4rme sorgten. Gesagt, getan, als ersten Tagespunkt planten wir eine kleine Gipfelwanderung zum Ryten mit anschlie\u00dfendem Abstieg zum Strand in der Kvalvika-Bucht.<\/p>\n\n\n\n<p>Danach nahmen wir uns nochmal in aller Ruhe den S\u00fcden der Lofoten vor und klapperten die ganzen kleinen Fischerd\u00f6rfer der Reihe nach ab, angefangen von \u00c5 i Lofoten ganz im S\u00fcdenwesten. Aber lassen wir einfach wieder die Bilder sprechen. Am Ende des Tages hatten wir einen richtig sch\u00f6nen Zeltplatz wieder am rauschenden Meer, mit netter Stube, samt Gastronomie, wo wir uns das durchaus leckere Lofotenbier munden lie\u00dfen.<\/p>\n\n\n\n<figure class=\"wp-block-image size-large\"><a href=\"https:\/\/www.hillclimb.de\/wp-content\/uploads\/2020\/09\/IMG_20200829_073858_e1000.jpg\"><img loading=\"lazy\" decoding=\"async\" width=\"1000\" height=\"463\" src=\"https:\/\/www.hillclimb.de\/wp-content\/uploads\/2020\/09\/IMG_20200829_073858_e1000.jpg\" alt=\"\" class=\"wp-image-4044\" srcset=\"https:\/\/www.hillclimb.de\/wp-content\/uploads\/2020\/09\/IMG_20200829_073858_e1000.jpg 1000w, https:\/\/www.hillclimb.de\/wp-content\/uploads\/2020\/09\/IMG_20200829_073858_e1000-300x139.jpg 300w, https:\/\/www.hillclimb.de\/wp-content\/uploads\/2020\/09\/IMG_20200829_073858_e1000-768x356.jpg 768w, https:\/\/www.hillclimb.de\/wp-content\/uploads\/2020\/09\/IMG_20200829_073858_e1000-945x438.jpg 945w, https:\/\/www.hillclimb.de\/wp-content\/uploads\/2020\/09\/IMG_20200829_073858_e1000-600x278.jpg 600w\" sizes=\"(max-width: 1000px) 100vw, 1000px\" \/><\/a><figcaption>Wenn dieser Strand mal nicht zum Baden einl\u00e4dt. Dann muss es an den Temperaturen liegen. Es zwiebelte ein wenig auf der Haut, war aber sehr belebend und sparte 10 Duschkronen \ud83d\ude09 .<\/figcaption><\/figure>\n\n\n\n<figure class=\"wp-block-image size-large\"><a href=\"https:\/\/www.hillclimb.de\/wp-content\/uploads\/2020\/09\/IMG_20200829_071212_e1000.jpg\"><img loading=\"lazy\" decoding=\"async\" width=\"1000\" height=\"542\" src=\"https:\/\/www.hillclimb.de\/wp-content\/uploads\/2020\/09\/IMG_20200829_071212_e1000.jpg\" alt=\"\" class=\"wp-image-3938\" srcset=\"https:\/\/www.hillclimb.de\/wp-content\/uploads\/2020\/09\/IMG_20200829_071212_e1000.jpg 1000w, https:\/\/www.hillclimb.de\/wp-content\/uploads\/2020\/09\/IMG_20200829_071212_e1000-300x163.jpg 300w, https:\/\/www.hillclimb.de\/wp-content\/uploads\/2020\/09\/IMG_20200829_071212_e1000-768x416.jpg 768w, https:\/\/www.hillclimb.de\/wp-content\/uploads\/2020\/09\/IMG_20200829_071212_e1000-945x512.jpg 945w, https:\/\/www.hillclimb.de\/wp-content\/uploads\/2020\/09\/IMG_20200829_071212_e1000-600x325.jpg 600w\" sizes=\"(max-width: 1000px) 100vw, 1000px\" \/><\/a><figcaption>Strandleben.<\/figcaption><\/figure>\n\n\n\n<figure class=\"wp-block-image size-large\"><a href=\"https:\/\/www.hillclimb.de\/wp-content\/uploads\/2020\/09\/IMG_20200829_081845_e1000.jpg\"><img loading=\"lazy\" decoding=\"async\" width=\"1000\" height=\"463\" src=\"https:\/\/www.hillclimb.de\/wp-content\/uploads\/2020\/09\/IMG_20200829_081845_e1000.jpg\" alt=\"\" class=\"wp-image-4043\" srcset=\"https:\/\/www.hillclimb.de\/wp-content\/uploads\/2020\/09\/IMG_20200829_081845_e1000.jpg 1000w, https:\/\/www.hillclimb.de\/wp-content\/uploads\/2020\/09\/IMG_20200829_081845_e1000-300x139.jpg 300w, https:\/\/www.hillclimb.de\/wp-content\/uploads\/2020\/09\/IMG_20200829_081845_e1000-768x356.jpg 768w, https:\/\/www.hillclimb.de\/wp-content\/uploads\/2020\/09\/IMG_20200829_081845_e1000-945x438.jpg 945w, https:\/\/www.hillclimb.de\/wp-content\/uploads\/2020\/09\/IMG_20200829_081845_e1000-600x278.jpg 600w\" sizes=\"(max-width: 1000px) 100vw, 1000px\" \/><\/a><figcaption>Strandstillleben.<\/figcaption><\/figure>\n\n\n\n<figure class=\"wp-block-image size-large\"><img loading=\"lazy\" decoding=\"async\" width=\"1000\" height=\"451\" src=\"https:\/\/www.hillclimb.de\/wp-content\/uploads\/2020\/09\/IMG_20200829_070947_e1000.jpg\" alt=\"\" class=\"wp-image-4057\" srcset=\"https:\/\/www.hillclimb.de\/wp-content\/uploads\/2020\/09\/IMG_20200829_070947_e1000.jpg 1000w, https:\/\/www.hillclimb.de\/wp-content\/uploads\/2020\/09\/IMG_20200829_070947_e1000-300x135.jpg 300w, https:\/\/www.hillclimb.de\/wp-content\/uploads\/2020\/09\/IMG_20200829_070947_e1000-768x346.jpg 768w, https:\/\/www.hillclimb.de\/wp-content\/uploads\/2020\/09\/IMG_20200829_070947_e1000-945x426.jpg 945w, https:\/\/www.hillclimb.de\/wp-content\/uploads\/2020\/09\/IMG_20200829_070947_e1000-600x271.jpg 600w\" sizes=\"(max-width: 1000px) 100vw, 1000px\" \/><figcaption>Link vom hauchd\u00fcnnen Regenbogen befindet sich unser Wanderziel, der Ryten Berg.<\/figcaption><\/figure>\n\n\n\n<figure class=\"wp-block-image size-large\"><a href=\"https:\/\/www.hillclimb.de\/wp-content\/uploads\/2020\/09\/IMG_20200829_112546_e1000.jpg\"><img loading=\"lazy\" decoding=\"async\" width=\"1000\" height=\"461\" src=\"https:\/\/www.hillclimb.de\/wp-content\/uploads\/2020\/09\/IMG_20200829_112546_e1000.jpg\" alt=\"\" class=\"wp-image-4041\" srcset=\"https:\/\/www.hillclimb.de\/wp-content\/uploads\/2020\/09\/IMG_20200829_112546_e1000.jpg 1000w, https:\/\/www.hillclimb.de\/wp-content\/uploads\/2020\/09\/IMG_20200829_112546_e1000-300x138.jpg 300w, https:\/\/www.hillclimb.de\/wp-content\/uploads\/2020\/09\/IMG_20200829_112546_e1000-768x354.jpg 768w, https:\/\/www.hillclimb.de\/wp-content\/uploads\/2020\/09\/IMG_20200829_112546_e1000-945x436.jpg 945w, https:\/\/www.hillclimb.de\/wp-content\/uploads\/2020\/09\/IMG_20200829_112546_e1000-600x277.jpg 600w\" sizes=\"(max-width: 1000px) 100vw, 1000px\" \/><\/a><figcaption>Einangsvatnet auf 110 m H\u00f6he \u00fcber dem Meer. Umgeben von reichlich Beeren und Pilzen.<\/figcaption><\/figure>\n\n\n\n<figure class=\"wp-block-image size-large\"><a href=\"https:\/\/www.hillclimb.de\/wp-content\/uploads\/2020\/09\/IMG_20200829_114958_e1000.jpg\"><img loading=\"lazy\" decoding=\"async\" width=\"1000\" height=\"463\" src=\"https:\/\/www.hillclimb.de\/wp-content\/uploads\/2020\/09\/IMG_20200829_114958_e1000.jpg\" alt=\"\" class=\"wp-image-4040\" srcset=\"https:\/\/www.hillclimb.de\/wp-content\/uploads\/2020\/09\/IMG_20200829_114958_e1000.jpg 1000w, https:\/\/www.hillclimb.de\/wp-content\/uploads\/2020\/09\/IMG_20200829_114958_e1000-300x139.jpg 300w, https:\/\/www.hillclimb.de\/wp-content\/uploads\/2020\/09\/IMG_20200829_114958_e1000-768x356.jpg 768w, https:\/\/www.hillclimb.de\/wp-content\/uploads\/2020\/09\/IMG_20200829_114958_e1000-945x438.jpg 945w, https:\/\/www.hillclimb.de\/wp-content\/uploads\/2020\/09\/IMG_20200829_114958_e1000-600x278.jpg 600w\" sizes=\"(max-width: 1000px) 100vw, 1000px\" \/><\/a><figcaption>Links der Wanderweg hinauf auf den Ryten, rechts im Hintergrund unser Zeltplatz, unten am Meer.<\/figcaption><\/figure>\n\n\n\n<figure class=\"wp-block-image size-large\"><a href=\"https:\/\/www.hillclimb.de\/wp-content\/uploads\/2020\/09\/IMG_20200829_130818_e1000.jpg\"><img loading=\"lazy\" decoding=\"async\" width=\"1000\" height=\"463\" src=\"https:\/\/www.hillclimb.de\/wp-content\/uploads\/2020\/09\/IMG_20200829_130818_e1000.jpg\" alt=\"\" class=\"wp-image-4035\" srcset=\"https:\/\/www.hillclimb.de\/wp-content\/uploads\/2020\/09\/IMG_20200829_130818_e1000.jpg 1000w, https:\/\/www.hillclimb.de\/wp-content\/uploads\/2020\/09\/IMG_20200829_130818_e1000-300x139.jpg 300w, https:\/\/www.hillclimb.de\/wp-content\/uploads\/2020\/09\/IMG_20200829_130818_e1000-768x356.jpg 768w, https:\/\/www.hillclimb.de\/wp-content\/uploads\/2020\/09\/IMG_20200829_130818_e1000-945x438.jpg 945w, https:\/\/www.hillclimb.de\/wp-content\/uploads\/2020\/09\/IMG_20200829_130818_e1000-600x278.jpg 600w\" sizes=\"(max-width: 1000px) 100vw, 1000px\" \/><\/a><figcaption>Blick auf unseren Wanderweg  vom See hinab in die Kvalvik-Bucht und danach \u00fcber den Sattel zur\u00fcck zum Auto.<\/figcaption><\/figure>\n\n\n\n<figure class=\"wp-block-image size-large\"><a href=\"https:\/\/www.hillclimb.de\/wp-content\/uploads\/2020\/09\/IMG_20200829_154438_e1000.jpg\"><img loading=\"lazy\" decoding=\"async\" width=\"1000\" height=\"463\" src=\"https:\/\/www.hillclimb.de\/wp-content\/uploads\/2020\/09\/IMG_20200829_154438_e1000.jpg\" alt=\"\" class=\"wp-image-4034\" srcset=\"https:\/\/www.hillclimb.de\/wp-content\/uploads\/2020\/09\/IMG_20200829_154438_e1000.jpg 1000w, https:\/\/www.hillclimb.de\/wp-content\/uploads\/2020\/09\/IMG_20200829_154438_e1000-300x139.jpg 300w, https:\/\/www.hillclimb.de\/wp-content\/uploads\/2020\/09\/IMG_20200829_154438_e1000-768x356.jpg 768w, https:\/\/www.hillclimb.de\/wp-content\/uploads\/2020\/09\/IMG_20200829_154438_e1000-945x438.jpg 945w, https:\/\/www.hillclimb.de\/wp-content\/uploads\/2020\/09\/IMG_20200829_154438_e1000-600x278.jpg 600w\" sizes=\"(max-width: 1000px) 100vw, 1000px\" \/><\/a><figcaption>Klahres Wasser und wechselhaftes Wetter machen die Landschaft noch interessanter und beeindruckender.<\/figcaption><\/figure>\n\n\n\n<figure class=\"wp-block-image size-large\"><a href=\"https:\/\/www.hillclimb.de\/wp-content\/uploads\/2020\/09\/IMG_20200829_155957_e1000.jpg\"><img loading=\"lazy\" decoding=\"async\" width=\"1000\" height=\"461\" src=\"https:\/\/www.hillclimb.de\/wp-content\/uploads\/2020\/09\/IMG_20200829_155957_e1000.jpg\" alt=\"\" class=\"wp-image-4033\" srcset=\"https:\/\/www.hillclimb.de\/wp-content\/uploads\/2020\/09\/IMG_20200829_155957_e1000.jpg 1000w, https:\/\/www.hillclimb.de\/wp-content\/uploads\/2020\/09\/IMG_20200829_155957_e1000-300x138.jpg 300w, https:\/\/www.hillclimb.de\/wp-content\/uploads\/2020\/09\/IMG_20200829_155957_e1000-768x354.jpg 768w, https:\/\/www.hillclimb.de\/wp-content\/uploads\/2020\/09\/IMG_20200829_155957_e1000-945x436.jpg 945w, https:\/\/www.hillclimb.de\/wp-content\/uploads\/2020\/09\/IMG_20200829_155957_e1000-600x277.jpg 600w\" sizes=\"(max-width: 1000px) 100vw, 1000px\" \/><\/a><figcaption> <\/figcaption><\/figure>\n\n\n\n<figure class=\"wp-block-image size-large\"><a href=\"https:\/\/www.hillclimb.de\/wp-content\/uploads\/2020\/09\/IMG_20200829_164850_e1000.jpg\"><img loading=\"lazy\" decoding=\"async\" width=\"1000\" height=\"461\" src=\"https:\/\/www.hillclimb.de\/wp-content\/uploads\/2020\/09\/IMG_20200829_164850_e1000.jpg\" alt=\"\" class=\"wp-image-4031\" srcset=\"https:\/\/www.hillclimb.de\/wp-content\/uploads\/2020\/09\/IMG_20200829_164850_e1000.jpg 1000w, https:\/\/www.hillclimb.de\/wp-content\/uploads\/2020\/09\/IMG_20200829_164850_e1000-300x138.jpg 300w, https:\/\/www.hillclimb.de\/wp-content\/uploads\/2020\/09\/IMG_20200829_164850_e1000-768x354.jpg 768w, https:\/\/www.hillclimb.de\/wp-content\/uploads\/2020\/09\/IMG_20200829_164850_e1000-945x436.jpg 945w, https:\/\/www.hillclimb.de\/wp-content\/uploads\/2020\/09\/IMG_20200829_164850_e1000-600x277.jpg 600w\" sizes=\"(max-width: 1000px) 100vw, 1000px\" \/><\/a><figcaption> \u00c5 i Lofoten hat ein nat\u00fcrliches Hafenbecken mit Fischerhaus und Gest\u00e4ng zum Fischtrocknen im Winter.<\/figcaption><\/figure>\n\n\n\n<figure class=\"wp-block-image size-large\"><a href=\"https:\/\/www.hillclimb.de\/wp-content\/uploads\/2020\/09\/IMG_20200829_170321_e1000.jpg\"><img loading=\"lazy\" decoding=\"async\" width=\"1000\" height=\"344\" src=\"https:\/\/www.hillclimb.de\/wp-content\/uploads\/2020\/09\/IMG_20200829_170321_e1000.jpg\" alt=\"\" class=\"wp-image-4030\" srcset=\"https:\/\/www.hillclimb.de\/wp-content\/uploads\/2020\/09\/IMG_20200829_170321_e1000.jpg 1000w, https:\/\/www.hillclimb.de\/wp-content\/uploads\/2020\/09\/IMG_20200829_170321_e1000-300x103.jpg 300w, https:\/\/www.hillclimb.de\/wp-content\/uploads\/2020\/09\/IMG_20200829_170321_e1000-768x264.jpg 768w, https:\/\/www.hillclimb.de\/wp-content\/uploads\/2020\/09\/IMG_20200829_170321_e1000-945x325.jpg 945w, https:\/\/www.hillclimb.de\/wp-content\/uploads\/2020\/09\/IMG_20200829_170321_e1000-600x206.jpg 600w\" sizes=\"(max-width: 1000px) 100vw, 1000px\" \/><\/a><figcaption>Rorbuer (Wohnh\u00e4user der Fischer) in \u00c5 i Lofoten. Sie dienen heute haupts\u00e4chlich als Hotelanlagen, sehen aber nachwievor idyllisch aus.<\/figcaption><\/figure>\n\n\n\n<figure class=\"wp-block-image size-large\"><a href=\"https:\/\/www.hillclimb.de\/wp-content\/uploads\/2020\/09\/IMG_20200829_173341_e1000.jpg\"><img loading=\"lazy\" decoding=\"async\" width=\"1000\" height=\"463\" src=\"https:\/\/www.hillclimb.de\/wp-content\/uploads\/2020\/09\/IMG_20200829_173341_e1000.jpg\" alt=\"\" class=\"wp-image-4029\" srcset=\"https:\/\/www.hillclimb.de\/wp-content\/uploads\/2020\/09\/IMG_20200829_173341_e1000.jpg 1000w, https:\/\/www.hillclimb.de\/wp-content\/uploads\/2020\/09\/IMG_20200829_173341_e1000-300x139.jpg 300w, https:\/\/www.hillclimb.de\/wp-content\/uploads\/2020\/09\/IMG_20200829_173341_e1000-768x356.jpg 768w, https:\/\/www.hillclimb.de\/wp-content\/uploads\/2020\/09\/IMG_20200829_173341_e1000-945x438.jpg 945w, https:\/\/www.hillclimb.de\/wp-content\/uploads\/2020\/09\/IMG_20200829_173341_e1000-600x278.jpg 600w\" sizes=\"(max-width: 1000px) 100vw, 1000px\" \/><\/a><figcaption>Impressionen aus Reine auf den Lofoten &#8211; kreatives Material-Recycling.<\/figcaption><\/figure>\n\n\n\n<figure class=\"wp-block-image size-large\"><a href=\"https:\/\/www.hillclimb.de\/wp-content\/uploads\/2020\/09\/IMG_20200829_173407_e1000.jpg\"><img loading=\"lazy\" decoding=\"async\" width=\"1000\" height=\"463\" src=\"https:\/\/www.hillclimb.de\/wp-content\/uploads\/2020\/09\/IMG_20200829_173407_e1000.jpg\" alt=\"\" class=\"wp-image-4028\" srcset=\"https:\/\/www.hillclimb.de\/wp-content\/uploads\/2020\/09\/IMG_20200829_173407_e1000.jpg 1000w, https:\/\/www.hillclimb.de\/wp-content\/uploads\/2020\/09\/IMG_20200829_173407_e1000-300x139.jpg 300w, https:\/\/www.hillclimb.de\/wp-content\/uploads\/2020\/09\/IMG_20200829_173407_e1000-768x356.jpg 768w, https:\/\/www.hillclimb.de\/wp-content\/uploads\/2020\/09\/IMG_20200829_173407_e1000-945x438.jpg 945w, https:\/\/www.hillclimb.de\/wp-content\/uploads\/2020\/09\/IMG_20200829_173407_e1000-600x278.jpg 600w\" sizes=\"(max-width: 1000px) 100vw, 1000px\" \/><\/a><figcaption>In Reine waren unz\u00e4hlige Holzgest\u00e4nge zum Fischtrocknen zu sehen. Teilweise wurden sie renoviert.<\/figcaption><\/figure>\n\n\n\n<figure class=\"wp-block-image size-large\"><a href=\"https:\/\/www.hillclimb.de\/wp-content\/uploads\/2020\/09\/IMG_20200829_195801_e1000.jpg\"><img loading=\"lazy\" decoding=\"async\" width=\"1000\" height=\"750\" src=\"https:\/\/www.hillclimb.de\/wp-content\/uploads\/2020\/09\/IMG_20200829_195801_e1000.jpg\" alt=\"\" class=\"wp-image-4027\" srcset=\"https:\/\/www.hillclimb.de\/wp-content\/uploads\/2020\/09\/IMG_20200829_195801_e1000.jpg 1000w, https:\/\/www.hillclimb.de\/wp-content\/uploads\/2020\/09\/IMG_20200829_195801_e1000-300x225.jpg 300w, https:\/\/www.hillclimb.de\/wp-content\/uploads\/2020\/09\/IMG_20200829_195801_e1000-768x576.jpg 768w, https:\/\/www.hillclimb.de\/wp-content\/uploads\/2020\/09\/IMG_20200829_195801_e1000-945x709.jpg 945w, https:\/\/www.hillclimb.de\/wp-content\/uploads\/2020\/09\/IMG_20200829_195801_e1000-600x450.jpg 600w\" sizes=\"(max-width: 1000px) 100vw, 1000px\" \/><\/a><figcaption>Kirche mit Vikinger-Elementen in Gravdal. Das ist eine neuere Kirche, die an die Stabkirchenbauweise erinnern soll.<\/figcaption><\/figure>\n\n\n\n<figure class=\"wp-block-image size-large\"><a href=\"https:\/\/www.hillclimb.de\/wp-content\/uploads\/2020\/09\/IMG_20200829_195937_e800.jpg\"><img loading=\"lazy\" decoding=\"async\" width=\"600\" height=\"800\" src=\"https:\/\/www.hillclimb.de\/wp-content\/uploads\/2020\/09\/IMG_20200829_195937_e800.jpg\" alt=\"\" class=\"wp-image-4026\" srcset=\"https:\/\/www.hillclimb.de\/wp-content\/uploads\/2020\/09\/IMG_20200829_195937_e800.jpg 600w, https:\/\/www.hillclimb.de\/wp-content\/uploads\/2020\/09\/IMG_20200829_195937_e800-225x300.jpg 225w\" sizes=\"(max-width: 600px) 100vw, 600px\" \/><\/a><figcaption>Seiteneingang der Kirche in Gravdal.<\/figcaption><\/figure>\n\n\n\n<figure class=\"wp-block-image size-large\"><img loading=\"lazy\" decoding=\"async\" width=\"847\" height=\"460\" src=\"https:\/\/www.hillclimb.de\/wp-content\/uploads\/2020\/09\/IMG_20200830_064033_e1000-e1599507079765.jpg\" alt=\"\" class=\"wp-image-4025\" srcset=\"https:\/\/www.hillclimb.de\/wp-content\/uploads\/2020\/09\/IMG_20200830_064033_e1000-e1599507079765.jpg 847w, https:\/\/www.hillclimb.de\/wp-content\/uploads\/2020\/09\/IMG_20200830_064033_e1000-e1599507079765-300x163.jpg 300w, https:\/\/www.hillclimb.de\/wp-content\/uploads\/2020\/09\/IMG_20200830_064033_e1000-e1599507079765-768x417.jpg 768w, https:\/\/www.hillclimb.de\/wp-content\/uploads\/2020\/09\/IMG_20200830_064033_e1000-e1599507079765-600x326.jpg 600w\" sizes=\"(max-width: 847px) 100vw, 847px\" \/><figcaption>Und wieder stehen unsere Zelte direkt an der K\u00fcste.<\/figcaption><\/figure>\n","protected":false},"excerpt":{"rendered":"<p>Die morgentliche W\u00e4sche gab es diesmal am Strand. Eisig, aber durchaus belebend, zumal die noch gelben Sonnenstrahlen schnell f\u00fcr die notwendige \u00e4u\u00dfere W\u00e4rme sorgten. Gesagt, getan, als ersten Tagespunkt planten wir eine kleine Gipfelwanderung zum Ryten mit anschlie\u00dfendem Abstieg zum&#8230; <a class=\"more-link\" href=\"https:\/\/www.hillclimb.de\/?p=4045\">Weiterlesen &rarr;<\/a><\/p>\n","protected":false},"author":1,"featured_media":4033,"comment_status":"closed","ping_status":"closed","sticky":false,"template":"","format":"standard","meta":{"footnotes":""},"categories":[1,15,16],"tags":[],"_links":{"self":[{"href":"https:\/\/www.hillclimb.de\/index.php?rest_route=\/wp\/v2\/posts\/4045"}],"collection":[{"href":"https:\/\/www.hillclimb.de\/index.php?rest_route=\/wp\/v2\/posts"}],"about":[{"href":"https:\/\/www.hillclimb.de\/index.php?rest_route=\/wp\/v2\/types\/post"}],"author":[{"embeddable":true,"href":"https:\/\/www.hillclimb.de\/index.php?rest_route=\/wp\/v2\/users\/1"}],"replies":[{"embeddable":true,"href":"https:\/\/www.hillclimb.de\/index.php?rest_route=%2Fwp%2Fv2%2Fcomments&post=4045"}],"version-history":[{"count":0,"href":"https:\/\/www.hillclimb.de\/index.php?rest_route=\/wp\/v2\/posts\/4045\/revisions"}],"wp:featuredmedia":[{"embeddable":true,"href":"https:\/\/www.hillclimb.de\/index.php?rest_route=\/wp\/v2\/media\/4033"}],"wp:attachment":[{"href":"https:\/\/www.hillclimb.de\/index.php?rest_route=%2Fwp%2Fv2%2Fmedia&parent=4045"}],"wp:term":[{"taxonomy":"category","embeddable":true,"href":"https:\/\/www.hillclimb.de\/index.php?rest_route=%2Fwp%2Fv2%2Fcategories&post=4045"},{"taxonomy":"post_tag","embeddable":true,"href":"https:\/\/www.hillclimb.de\/index.php?rest_route=%2Fwp%2Fv2%2Ftags&post=4045"}],"curies":[{"name":"wp","href":"https:\/\/api.w.org\/{rel}","templated":true}]}}