{"id":4100,"date":"2020-09-09T09:26:01","date_gmt":"2020-09-09T07:26:01","guid":{"rendered":"https:\/\/www.hillclimb.de\/?p=4100"},"modified":"2020-09-18T09:06:10","modified_gmt":"2020-09-18T07:06:10","slug":"norge-2020-mitm-auto-zelt-rad-kayak-7","status":"publish","type":"post","link":"https:\/\/www.hillclimb.de\/?p=4100","title":{"rendered":"Norge 2020 \u2013 mitm Auto, Zelt, Rad &#038; Kayak \u2013 #7"},"content":{"rendered":"\n<p>Ich berichte ja noch immer aus der Vergangenheit, wir befinden uns in der Woche vom 31.08. mit den folgenden Tagen. Ich musste also leidvoll meinen Urlaub unterbrechen \ud83d\ude09 . Um rechtzeitig bei der Arbeit in Troms\u00f6 zu erscheinen stellten wir heute morgen die Wecker, ich verzichtete auf das Bad im Meer und wir hielten auch nur einmal kurz an, um eins zwei Brote zu essen. Die Stra\u00dfen waren erstaunlich leer uns so segelten wir Mittags in Troms\u00f6 ein. Martin ging derweil auf kleine Radrunde, Postensuche und Shopping und ich werkelte ein paar Tage in der Arbeitshalle mit den Troms\u00f6ern.<\/p>\n\n\n\n<p>Unser Nachtlager richteten wir bei Gerit ein und so passierte zumindest f\u00fcr mich nicht so viel w\u00e4hrend dieser Tage. Abends reichte es noch zum Beeren pfl\u00fccken auf den H\u00fcgeln hinterm Haus. Und an einem Tag konnten wir noch eine After-Work Radtour durchf\u00fchren in ein Gebiet, was auch f\u00fcr Gerit Neuland war. Es sollte auf den Fugltind mit seinen 1033 m H\u00f6he gehen. Gerit meinte oben scheint die Sonne, also radelte ich hin um das zu \u00fcberpr\u00fcfen.<\/p>\n\n\n\n<p>Am n\u00e4chsten Tag brachen dann Martin und ich weiter gen Norden auf. Erste Station war Skibotn, eine sch\u00f6ne Gegend zum Radeln. Abends dem Sonnenuntergang recht nahe gingen wir noch auf Radtouren, diesmal jeder f\u00fcr sich um das eigene Tempo gehen zu k\u00f6nnen. Ich nutzte jede Sekunde bis in den Sonnenuntergang. <\/p>\n\n\n\n<p>Am Samstag wollte ich beim MTB-Rennen in Skaidi an den Start gehen, auf das mich Gerit hingewiesen hatte. Es war ein guter Ersatz f\u00fcr die ausgefallenen MTBO&#8217;s in Troms\u00f6. Aber dazu mehr im n\u00e4chsten Bericht. Wir fuhren also von Skibotn am n\u00e4chsten Tag bis nach Alta, wo wir auch endlich mal in Ruhe ein paar Steinzeichnungen anschauen konnten.<\/p>\n\n\n\n<figure class=\"wp-block-image size-large\"><a href=\"https:\/\/www.hillclimb.de\/wp-content\/uploads\/2020\/09\/IMG_20200902_145353_e800.jpg\"><img loading=\"lazy\" decoding=\"async\" width=\"800\" height=\"917\" src=\"https:\/\/www.hillclimb.de\/wp-content\/uploads\/2020\/09\/IMG_20200902_145353_e800.jpg\" alt=\"\" class=\"wp-image-4065\" srcset=\"https:\/\/www.hillclimb.de\/wp-content\/uploads\/2020\/09\/IMG_20200902_145353_e800.jpg 800w, https:\/\/www.hillclimb.de\/wp-content\/uploads\/2020\/09\/IMG_20200902_145353_e800-262x300.jpg 262w, https:\/\/www.hillclimb.de\/wp-content\/uploads\/2020\/09\/IMG_20200902_145353_e800-768x880.jpg 768w, https:\/\/www.hillclimb.de\/wp-content\/uploads\/2020\/09\/IMG_20200902_145353_e800-600x688.jpg 600w\" sizes=\"(max-width: 800px) 100vw, 800px\" \/><\/a><figcaption>Gemeinsame Radtour das Ziel der Fugltind fast immer vor Augen.<\/figcaption><\/figure>\n\n\n\n<figure class=\"wp-block-image size-large\"><a href=\"https:\/\/www.hillclimb.de\/wp-content\/uploads\/2020\/09\/IMG_20200902_150458_e1000.jpg\"><img loading=\"lazy\" decoding=\"async\" width=\"1000\" height=\"461\" src=\"https:\/\/www.hillclimb.de\/wp-content\/uploads\/2020\/09\/IMG_20200902_150458_e1000.jpg\" alt=\"\" class=\"wp-image-4099\" srcset=\"https:\/\/www.hillclimb.de\/wp-content\/uploads\/2020\/09\/IMG_20200902_150458_e1000.jpg 1000w, https:\/\/www.hillclimb.de\/wp-content\/uploads\/2020\/09\/IMG_20200902_150458_e1000-300x138.jpg 300w, https:\/\/www.hillclimb.de\/wp-content\/uploads\/2020\/09\/IMG_20200902_150458_e1000-768x354.jpg 768w, https:\/\/www.hillclimb.de\/wp-content\/uploads\/2020\/09\/IMG_20200902_150458_e1000-945x436.jpg 945w, https:\/\/www.hillclimb.de\/wp-content\/uploads\/2020\/09\/IMG_20200902_150458_e1000-600x277.jpg 600w\" sizes=\"(max-width: 1000px) 100vw, 1000px\" \/><\/a><figcaption>Aber auch der Blick zur\u00fcck \u00fcber den Fjord lohnte mit all den sch\u00f6n geformten teils sehr spitzen Bergen.<\/figcaption><\/figure>\n\n\n\n<figure class=\"wp-block-image size-large\"><a href=\"https:\/\/www.hillclimb.de\/wp-content\/uploads\/2020\/09\/IMG_20200902_152351_e1000.jpg\"><img loading=\"lazy\" decoding=\"async\" width=\"1000\" height=\"463\" src=\"https:\/\/www.hillclimb.de\/wp-content\/uploads\/2020\/09\/IMG_20200902_152351_e1000.jpg\" alt=\"\" class=\"wp-image-4098\" srcset=\"https:\/\/www.hillclimb.de\/wp-content\/uploads\/2020\/09\/IMG_20200902_152351_e1000.jpg 1000w, https:\/\/www.hillclimb.de\/wp-content\/uploads\/2020\/09\/IMG_20200902_152351_e1000-300x139.jpg 300w, https:\/\/www.hillclimb.de\/wp-content\/uploads\/2020\/09\/IMG_20200902_152351_e1000-768x356.jpg 768w, https:\/\/www.hillclimb.de\/wp-content\/uploads\/2020\/09\/IMG_20200902_152351_e1000-945x438.jpg 945w, https:\/\/www.hillclimb.de\/wp-content\/uploads\/2020\/09\/IMG_20200902_152351_e1000-600x278.jpg 600w\" sizes=\"(max-width: 1000px) 100vw, 1000px\" \/><\/a><figcaption>Eine herbstliche Stimmung kommt langsam auf. Das Rot der Blaubeeren sieht schon gut aus, aber noch besser ist der Geschmack dieser geraden reifen Beeren \ud83d\ude42 .<\/figcaption><\/figure>\n\n\n\n<figure class=\"wp-block-image size-large\"><a href=\"https:\/\/www.hillclimb.de\/wp-content\/uploads\/2020\/09\/IMG_20200902_155105_e1000.jpg\"><img loading=\"lazy\" decoding=\"async\" width=\"1000\" height=\"463\" src=\"https:\/\/www.hillclimb.de\/wp-content\/uploads\/2020\/09\/IMG_20200902_155105_e1000.jpg\" alt=\"\" class=\"wp-image-4096\" srcset=\"https:\/\/www.hillclimb.de\/wp-content\/uploads\/2020\/09\/IMG_20200902_155105_e1000.jpg 1000w, https:\/\/www.hillclimb.de\/wp-content\/uploads\/2020\/09\/IMG_20200902_155105_e1000-300x139.jpg 300w, https:\/\/www.hillclimb.de\/wp-content\/uploads\/2020\/09\/IMG_20200902_155105_e1000-768x356.jpg 768w, https:\/\/www.hillclimb.de\/wp-content\/uploads\/2020\/09\/IMG_20200902_155105_e1000-945x438.jpg 945w, https:\/\/www.hillclimb.de\/wp-content\/uploads\/2020\/09\/IMG_20200902_155105_e1000-600x278.jpg 600w\" sizes=\"(max-width: 1000px) 100vw, 1000px\" \/><\/a><figcaption>Hier kann man sch\u00f6n die Weg den wir von unten her genommen haben verfolgen und wie er sich durch das offene Gel\u00e4nde schl\u00e4ngelt.<\/figcaption><\/figure>\n\n\n\n<figure class=\"wp-block-image size-large\"><a href=\"https:\/\/www.hillclimb.de\/wp-content\/uploads\/2020\/09\/IMG_20200902_162557_e1000.jpg\"><img loading=\"lazy\" decoding=\"async\" width=\"1000\" height=\"461\" src=\"https:\/\/www.hillclimb.de\/wp-content\/uploads\/2020\/09\/IMG_20200902_162557_e1000.jpg\" alt=\"\" class=\"wp-image-4094\" srcset=\"https:\/\/www.hillclimb.de\/wp-content\/uploads\/2020\/09\/IMG_20200902_162557_e1000.jpg 1000w, https:\/\/www.hillclimb.de\/wp-content\/uploads\/2020\/09\/IMG_20200902_162557_e1000-300x138.jpg 300w, https:\/\/www.hillclimb.de\/wp-content\/uploads\/2020\/09\/IMG_20200902_162557_e1000-768x354.jpg 768w, https:\/\/www.hillclimb.de\/wp-content\/uploads\/2020\/09\/IMG_20200902_162557_e1000-945x436.jpg 945w, https:\/\/www.hillclimb.de\/wp-content\/uploads\/2020\/09\/IMG_20200902_162557_e1000-600x277.jpg 600w\" sizes=\"(max-width: 1000px) 100vw, 1000px\" \/><\/a><figcaption>Weiter oben gab es noch Schneereste und Rentiere. Der Weg war recht gut befahrbar ab und an technisch herausfordernd.  Manchmal etwas matschig, an manchen Stellen gab es Holzbretter die das  Leben einfacher machten und vor allem die F\u00fc\u00dfe trocken hielten. Es gab  kleine Bachl\u00e4ufe, die man fast alle auf dem Rad passieren konnte und gut  80% lie\u00dfen sich f\u00fcr mich hinauf fahren. <\/figcaption><\/figure>\n\n\n\n<figure class=\"wp-block-image size-large\"><a href=\"https:\/\/www.hillclimb.de\/wp-content\/uploads\/2020\/09\/IMG_20200902_164510_e1000.jpg\"><img loading=\"lazy\" decoding=\"async\" width=\"1000\" height=\"463\" src=\"https:\/\/www.hillclimb.de\/wp-content\/uploads\/2020\/09\/IMG_20200902_164510_e1000.jpg\" alt=\"\" class=\"wp-image-4093\" srcset=\"https:\/\/www.hillclimb.de\/wp-content\/uploads\/2020\/09\/IMG_20200902_164510_e1000.jpg 1000w, https:\/\/www.hillclimb.de\/wp-content\/uploads\/2020\/09\/IMG_20200902_164510_e1000-300x139.jpg 300w, https:\/\/www.hillclimb.de\/wp-content\/uploads\/2020\/09\/IMG_20200902_164510_e1000-768x356.jpg 768w, https:\/\/www.hillclimb.de\/wp-content\/uploads\/2020\/09\/IMG_20200902_164510_e1000-945x438.jpg 945w, https:\/\/www.hillclimb.de\/wp-content\/uploads\/2020\/09\/IMG_20200902_164510_e1000-600x278.jpg 600w\" sizes=\"(max-width: 1000px) 100vw, 1000px\" \/><\/a><figcaption> Das letzte St\u00fcck auf den Gipfel beradelte ich allein.  Der Anstieg  schien deutlich steiler und vielleicht unbefahrbar, aber nun waren wir  schon so nah, da wollte ich schon noch rauf \ud83d\ude42 . Ich gab Gerit die  mitgeschleppte Beerensammelbox und so fuhren die beiden wieder hinab und  sammelten flei\u00dfig Blaubeeren. <\/figcaption><\/figure>\n\n\n\n<figure class=\"wp-block-image size-large\"><a href=\"https:\/\/www.hillclimb.de\/wp-content\/uploads\/2020\/09\/IMG_20200902_173608_e1000.jpg\"><img loading=\"lazy\" decoding=\"async\" width=\"1000\" height=\"461\" src=\"https:\/\/www.hillclimb.de\/wp-content\/uploads\/2020\/09\/IMG_20200902_173608_e1000.jpg\" alt=\"\" class=\"wp-image-4092\" srcset=\"https:\/\/www.hillclimb.de\/wp-content\/uploads\/2020\/09\/IMG_20200902_173608_e1000.jpg 1000w, https:\/\/www.hillclimb.de\/wp-content\/uploads\/2020\/09\/IMG_20200902_173608_e1000-300x138.jpg 300w, https:\/\/www.hillclimb.de\/wp-content\/uploads\/2020\/09\/IMG_20200902_173608_e1000-768x354.jpg 768w, https:\/\/www.hillclimb.de\/wp-content\/uploads\/2020\/09\/IMG_20200902_173608_e1000-945x436.jpg 945w, https:\/\/www.hillclimb.de\/wp-content\/uploads\/2020\/09\/IMG_20200902_173608_e1000-600x277.jpg 600w\" sizes=\"(max-width: 1000px) 100vw, 1000px\" \/><\/a><figcaption>Ich konnte noch erstaunlich viel bergauf radeln, weil der Weg etwas schr\u00e4ger am Hang verlief. Auf den letzten 100 hm wandelte sich die Landschaft komplett. Die Pflanzen wurden gegen pure Steine ausgetauscht. Erstaunlich fand ich die Massen an Sand da oben. Sand wie man ihn sich am Strand vorstellt.<\/figcaption><\/figure>\n\n\n\n<figure class=\"wp-block-image size-large\"><a href=\"https:\/\/www.hillclimb.de\/wp-content\/uploads\/2020\/09\/IMG_20200902_175010_e1000.jpg\"><img loading=\"lazy\" decoding=\"async\" width=\"1000\" height=\"461\" src=\"https:\/\/www.hillclimb.de\/wp-content\/uploads\/2020\/09\/IMG_20200902_175010_e1000.jpg\" alt=\"\" class=\"wp-image-4089\" srcset=\"https:\/\/www.hillclimb.de\/wp-content\/uploads\/2020\/09\/IMG_20200902_175010_e1000.jpg 1000w, https:\/\/www.hillclimb.de\/wp-content\/uploads\/2020\/09\/IMG_20200902_175010_e1000-300x138.jpg 300w, https:\/\/www.hillclimb.de\/wp-content\/uploads\/2020\/09\/IMG_20200902_175010_e1000-768x354.jpg 768w, https:\/\/www.hillclimb.de\/wp-content\/uploads\/2020\/09\/IMG_20200902_175010_e1000-945x436.jpg 945w, https:\/\/www.hillclimb.de\/wp-content\/uploads\/2020\/09\/IMG_20200902_175010_e1000-600x277.jpg 600w\" sizes=\"(max-width: 1000px) 100vw, 1000px\" \/><\/a><figcaption>Oben angekommen habe ich mich nat\u00fcrlich auch ins Gipfelbuch eingetragen. Es waren schon 3 Leute vor mir am heutigen Tag oben und auf der Abfahrt sollte ich noch einem weiteren Wanderer begegnen, der auch den Gipfel erklimmen wollte.<\/figcaption><\/figure>\n\n\n\n<figure class=\"wp-block-image size-large\"><a href=\"https:\/\/www.hillclimb.de\/wp-content\/uploads\/2020\/09\/IMG_20200902_175530_e1000.jpg\"><img loading=\"lazy\" decoding=\"async\" width=\"1000\" height=\"461\" src=\"https:\/\/www.hillclimb.de\/wp-content\/uploads\/2020\/09\/IMG_20200902_175530_e1000.jpg\" alt=\"\" class=\"wp-image-4088\" srcset=\"https:\/\/www.hillclimb.de\/wp-content\/uploads\/2020\/09\/IMG_20200902_175530_e1000.jpg 1000w, https:\/\/www.hillclimb.de\/wp-content\/uploads\/2020\/09\/IMG_20200902_175530_e1000-300x138.jpg 300w, https:\/\/www.hillclimb.de\/wp-content\/uploads\/2020\/09\/IMG_20200902_175530_e1000-768x354.jpg 768w, https:\/\/www.hillclimb.de\/wp-content\/uploads\/2020\/09\/IMG_20200902_175530_e1000-945x436.jpg 945w, https:\/\/www.hillclimb.de\/wp-content\/uploads\/2020\/09\/IMG_20200902_175530_e1000-600x277.jpg 600w\" sizes=\"(max-width: 1000px) 100vw, 1000px\" \/><\/a><figcaption>Gerit sagte, da oben ist Sonne. Und tats\u00e4chlich, als ich die letzten 50 hm vor mir hatte kam sie ein St\u00fcck weit heraus.<\/figcaption><\/figure>\n\n\n\n<figure class=\"wp-block-image size-large\"><a href=\"https:\/\/www.hillclimb.de\/wp-content\/uploads\/2020\/09\/IMG_20200902_174411_e1600-rotated-e1599634076969.jpg\"><img loading=\"lazy\" decoding=\"async\" width=\"1024\" height=\"239\" src=\"https:\/\/www.hillclimb.de\/wp-content\/uploads\/2020\/09\/IMG_20200902_174411_e1600-rotated-e1599634076969-1024x239.jpg\" alt=\"\" class=\"wp-image-4091\" srcset=\"https:\/\/www.hillclimb.de\/wp-content\/uploads\/2020\/09\/IMG_20200902_174411_e1600-rotated-e1599634076969-1024x239.jpg 1024w, https:\/\/www.hillclimb.de\/wp-content\/uploads\/2020\/09\/IMG_20200902_174411_e1600-rotated-e1599634076969-300x70.jpg 300w, https:\/\/www.hillclimb.de\/wp-content\/uploads\/2020\/09\/IMG_20200902_174411_e1600-rotated-e1599634076969-1536x359.jpg 1536w, https:\/\/www.hillclimb.de\/wp-content\/uploads\/2020\/09\/IMG_20200902_174411_e1600-rotated-e1599634076969-768x180.jpg 768w, https:\/\/www.hillclimb.de\/wp-content\/uploads\/2020\/09\/IMG_20200902_174411_e1600-rotated-e1599634076969-945x221.jpg 945w, https:\/\/www.hillclimb.de\/wp-content\/uploads\/2020\/09\/IMG_20200902_174411_e1600-rotated-e1599634076969-600x140.jpg 600w, https:\/\/www.hillclimb.de\/wp-content\/uploads\/2020\/09\/IMG_20200902_174411_e1600-rotated-e1599634076969.jpg 1600w\" sizes=\"(max-width: 1024px) 100vw, 1024px\" \/><\/a><figcaption>Es war ein herrlicher Blick von da oben &#8230;<\/figcaption><\/figure>\n\n\n\n<figure class=\"wp-block-image size-large\"><a href=\"https:\/\/www.hillclimb.de\/wp-content\/uploads\/2020\/09\/IMG_20200902_174424_e1600-rotated-e1599634095694.jpg\"><img loading=\"lazy\" decoding=\"async\" width=\"1024\" height=\"239\" src=\"https:\/\/www.hillclimb.de\/wp-content\/uploads\/2020\/09\/IMG_20200902_174424_e1600-rotated-e1599634095694-1024x239.jpg\" alt=\"\" class=\"wp-image-4090\" srcset=\"https:\/\/www.hillclimb.de\/wp-content\/uploads\/2020\/09\/IMG_20200902_174424_e1600-rotated-e1599634095694-1024x239.jpg 1024w, https:\/\/www.hillclimb.de\/wp-content\/uploads\/2020\/09\/IMG_20200902_174424_e1600-rotated-e1599634095694-300x70.jpg 300w, https:\/\/www.hillclimb.de\/wp-content\/uploads\/2020\/09\/IMG_20200902_174424_e1600-rotated-e1599634095694-1536x359.jpg 1536w, https:\/\/www.hillclimb.de\/wp-content\/uploads\/2020\/09\/IMG_20200902_174424_e1600-rotated-e1599634095694-768x180.jpg 768w, https:\/\/www.hillclimb.de\/wp-content\/uploads\/2020\/09\/IMG_20200902_174424_e1600-rotated-e1599634095694-945x221.jpg 945w, https:\/\/www.hillclimb.de\/wp-content\/uploads\/2020\/09\/IMG_20200902_174424_e1600-rotated-e1599634095694-600x140.jpg 600w, https:\/\/www.hillclimb.de\/wp-content\/uploads\/2020\/09\/IMG_20200902_174424_e1600-rotated-e1599634095694.jpg 1600w\" sizes=\"(max-width: 1024px) 100vw, 1024px\" \/><\/a><figcaption>&#8230; in alle Richtungen.<\/figcaption><\/figure>\n\n\n\n<figure class=\"wp-block-image size-large\"><a href=\"https:\/\/www.hillclimb.de\/wp-content\/uploads\/2020\/09\/IMG_20200902_180948_e1000.jpg\"><img loading=\"lazy\" decoding=\"async\" width=\"1000\" height=\"461\" src=\"https:\/\/www.hillclimb.de\/wp-content\/uploads\/2020\/09\/IMG_20200902_180948_e1000.jpg\" alt=\"\" class=\"wp-image-4086\" srcset=\"https:\/\/www.hillclimb.de\/wp-content\/uploads\/2020\/09\/IMG_20200902_180948_e1000.jpg 1000w, https:\/\/www.hillclimb.de\/wp-content\/uploads\/2020\/09\/IMG_20200902_180948_e1000-300x138.jpg 300w, https:\/\/www.hillclimb.de\/wp-content\/uploads\/2020\/09\/IMG_20200902_180948_e1000-768x354.jpg 768w, https:\/\/www.hillclimb.de\/wp-content\/uploads\/2020\/09\/IMG_20200902_180948_e1000-945x436.jpg 945w, https:\/\/www.hillclimb.de\/wp-content\/uploads\/2020\/09\/IMG_20200902_180948_e1000-600x277.jpg 600w\" sizes=\"(max-width: 1000px) 100vw, 1000px\" \/><\/a><figcaption>Ich g\u00f6nnte mir ein paar Gipfelzetti&#8217;s und nahm alsbald die Abfahrt in Angriff, denn ich wollte die anderen beiden ja auch nicht so lang warten lassen.<\/figcaption><\/figure>\n\n\n\n<figure class=\"wp-block-image size-large\"><a href=\"https:\/\/www.hillclimb.de\/wp-content\/uploads\/2020\/09\/IMG_20200902_182201_e1000.jpg\"><img loading=\"lazy\" decoding=\"async\" width=\"1000\" height=\"461\" src=\"https:\/\/www.hillclimb.de\/wp-content\/uploads\/2020\/09\/IMG_20200902_182201_e1000.jpg\" alt=\"\" class=\"wp-image-4085\" srcset=\"https:\/\/www.hillclimb.de\/wp-content\/uploads\/2020\/09\/IMG_20200902_182201_e1000.jpg 1000w, https:\/\/www.hillclimb.de\/wp-content\/uploads\/2020\/09\/IMG_20200902_182201_e1000-300x138.jpg 300w, https:\/\/www.hillclimb.de\/wp-content\/uploads\/2020\/09\/IMG_20200902_182201_e1000-768x354.jpg 768w, https:\/\/www.hillclimb.de\/wp-content\/uploads\/2020\/09\/IMG_20200902_182201_e1000-945x436.jpg 945w, https:\/\/www.hillclimb.de\/wp-content\/uploads\/2020\/09\/IMG_20200902_182201_e1000-600x277.jpg 600w\" sizes=\"(max-width: 1000px) 100vw, 1000px\" \/><\/a><figcaption>Auf diesen Holzbrettern lie\u00df es sich echt gut radeln.<\/figcaption><\/figure>\n\n\n\n<figure class=\"wp-block-image size-large\"><a href=\"https:\/\/www.hillclimb.de\/wp-content\/uploads\/2020\/09\/IMG_20200902_183508_e1000.jpg\"><img loading=\"lazy\" decoding=\"async\" width=\"1000\" height=\"461\" src=\"https:\/\/www.hillclimb.de\/wp-content\/uploads\/2020\/09\/IMG_20200902_183508_e1000.jpg\" alt=\"\" class=\"wp-image-4084\" srcset=\"https:\/\/www.hillclimb.de\/wp-content\/uploads\/2020\/09\/IMG_20200902_183508_e1000.jpg 1000w, https:\/\/www.hillclimb.de\/wp-content\/uploads\/2020\/09\/IMG_20200902_183508_e1000-300x138.jpg 300w, https:\/\/www.hillclimb.de\/wp-content\/uploads\/2020\/09\/IMG_20200902_183508_e1000-768x354.jpg 768w, https:\/\/www.hillclimb.de\/wp-content\/uploads\/2020\/09\/IMG_20200902_183508_e1000-945x436.jpg 945w, https:\/\/www.hillclimb.de\/wp-content\/uploads\/2020\/09\/IMG_20200902_183508_e1000-600x277.jpg 600w\" sizes=\"(max-width: 1000px) 100vw, 1000px\" \/><\/a><figcaption>Und dieses Rot in der Landschaft &#8211; herrlich &#8211; kommt auf dem Bild gar nicht so r\u00fcber. Gut 95% konnte ich dann hinab radeln. Vielleicht auch mehr. Es ist auf alle F\u00e4lle ein Berg der sich gut mit dem MTB beradeln l\u00e4\u00dft, wenn man ein wenig fahrtechnisches Geschick mit sich bringt.<\/figcaption><\/figure>\n\n\n\n<figure class=\"wp-block-image size-large\"><a href=\"https:\/\/www.hillclimb.de\/wp-content\/uploads\/2020\/09\/IMG_20200903_142620_e1000.jpg\"><img loading=\"lazy\" decoding=\"async\" width=\"1000\" height=\"461\" src=\"https:\/\/www.hillclimb.de\/wp-content\/uploads\/2020\/09\/IMG_20200903_142620_e1000.jpg\" alt=\"\" class=\"wp-image-4082\" srcset=\"https:\/\/www.hillclimb.de\/wp-content\/uploads\/2020\/09\/IMG_20200903_142620_e1000.jpg 1000w, https:\/\/www.hillclimb.de\/wp-content\/uploads\/2020\/09\/IMG_20200903_142620_e1000-300x138.jpg 300w, https:\/\/www.hillclimb.de\/wp-content\/uploads\/2020\/09\/IMG_20200903_142620_e1000-768x354.jpg 768w, https:\/\/www.hillclimb.de\/wp-content\/uploads\/2020\/09\/IMG_20200903_142620_e1000-945x436.jpg 945w, https:\/\/www.hillclimb.de\/wp-content\/uploads\/2020\/09\/IMG_20200903_142620_e1000-600x277.jpg 600w\" sizes=\"(max-width: 1000px) 100vw, 1000px\" \/><\/a><figcaption>Auf dem Weg nach Skibotn war es wolkenlos und so konnten wir die Erlebnisse vom Vortag beim Blick auf den Fugltind, links, nochmal Revue passieren lassen.<\/figcaption><\/figure>\n\n\n\n<figure class=\"wp-block-image size-large\"><a href=\"https:\/\/www.hillclimb.de\/wp-content\/uploads\/2020\/09\/IMG_20200903_173855_e800.jpg\"><img loading=\"lazy\" decoding=\"async\" width=\"445\" height=\"800\" src=\"https:\/\/www.hillclimb.de\/wp-content\/uploads\/2020\/09\/IMG_20200903_173855_e800.jpg\" alt=\"\" class=\"wp-image-4081\" srcset=\"https:\/\/www.hillclimb.de\/wp-content\/uploads\/2020\/09\/IMG_20200903_173855_e800.jpg 445w, https:\/\/www.hillclimb.de\/wp-content\/uploads\/2020\/09\/IMG_20200903_173855_e800-167x300.jpg 167w\" sizes=\"(max-width: 445px) 100vw, 445px\" \/><\/a><figcaption>Meine Radrunde f\u00fchrte mich auf schmalen Pfaden seicht bergan.<\/figcaption><\/figure>\n\n\n\n<figure class=\"wp-block-image size-large\"><a href=\"https:\/\/www.hillclimb.de\/wp-content\/uploads\/2020\/09\/IMG_20200903_180034_e1000.jpg\"><img loading=\"lazy\" decoding=\"async\" width=\"1000\" height=\"461\" src=\"https:\/\/www.hillclimb.de\/wp-content\/uploads\/2020\/09\/IMG_20200903_180034_e1000.jpg\" alt=\"\" class=\"wp-image-4080\" srcset=\"https:\/\/www.hillclimb.de\/wp-content\/uploads\/2020\/09\/IMG_20200903_180034_e1000.jpg 1000w, https:\/\/www.hillclimb.de\/wp-content\/uploads\/2020\/09\/IMG_20200903_180034_e1000-300x138.jpg 300w, https:\/\/www.hillclimb.de\/wp-content\/uploads\/2020\/09\/IMG_20200903_180034_e1000-768x354.jpg 768w, https:\/\/www.hillclimb.de\/wp-content\/uploads\/2020\/09\/IMG_20200903_180034_e1000-945x436.jpg 945w, https:\/\/www.hillclimb.de\/wp-content\/uploads\/2020\/09\/IMG_20200903_180034_e1000-600x277.jpg 600w\" sizes=\"(max-width: 1000px) 100vw, 1000px\" \/><\/a><figcaption>Manchmal waren die schmalen Pfade etwas feucht, aber immer noch gut passierbar und man ist erstaunlich wenig eingesackt beim dr\u00fcber radeln.<\/figcaption><\/figure>\n\n\n\n<figure class=\"wp-block-image size-large\"><a href=\"https:\/\/www.hillclimb.de\/wp-content\/uploads\/2020\/09\/IMG_20200903_181911_e1000.jpg\"><img loading=\"lazy\" decoding=\"async\" width=\"1000\" height=\"463\" src=\"https:\/\/www.hillclimb.de\/wp-content\/uploads\/2020\/09\/IMG_20200903_181911_e1000.jpg\" alt=\"\" class=\"wp-image-4079\" srcset=\"https:\/\/www.hillclimb.de\/wp-content\/uploads\/2020\/09\/IMG_20200903_181911_e1000.jpg 1000w, https:\/\/www.hillclimb.de\/wp-content\/uploads\/2020\/09\/IMG_20200903_181911_e1000-300x139.jpg 300w, https:\/\/www.hillclimb.de\/wp-content\/uploads\/2020\/09\/IMG_20200903_181911_e1000-768x356.jpg 768w, https:\/\/www.hillclimb.de\/wp-content\/uploads\/2020\/09\/IMG_20200903_181911_e1000-945x438.jpg 945w, https:\/\/www.hillclimb.de\/wp-content\/uploads\/2020\/09\/IMG_20200903_181911_e1000-600x278.jpg 600w\" sizes=\"(max-width: 1000px) 100vw, 1000px\" \/><\/a><figcaption>Impressionen in der Abendsonne.<\/figcaption><\/figure>\n\n\n\n<figure class=\"wp-block-image size-large\"><a href=\"https:\/\/www.hillclimb.de\/wp-content\/uploads\/2020\/09\/IMG_20200903_182451_e1000.jpg\"><img loading=\"lazy\" decoding=\"async\" width=\"1000\" height=\"463\" src=\"https:\/\/www.hillclimb.de\/wp-content\/uploads\/2020\/09\/IMG_20200903_182451_e1000.jpg\" alt=\"\" class=\"wp-image-4078\" srcset=\"https:\/\/www.hillclimb.de\/wp-content\/uploads\/2020\/09\/IMG_20200903_182451_e1000.jpg 1000w, https:\/\/www.hillclimb.de\/wp-content\/uploads\/2020\/09\/IMG_20200903_182451_e1000-300x139.jpg 300w, https:\/\/www.hillclimb.de\/wp-content\/uploads\/2020\/09\/IMG_20200903_182451_e1000-768x356.jpg 768w, https:\/\/www.hillclimb.de\/wp-content\/uploads\/2020\/09\/IMG_20200903_182451_e1000-945x438.jpg 945w, https:\/\/www.hillclimb.de\/wp-content\/uploads\/2020\/09\/IMG_20200903_182451_e1000-600x278.jpg 600w\" sizes=\"(max-width: 1000px) 100vw, 1000px\" \/><\/a><figcaption> Impressionen in der Abendsonne. <\/figcaption><\/figure>\n\n\n\n<figure class=\"wp-block-image size-large\"><a href=\"https:\/\/www.hillclimb.de\/wp-content\/uploads\/2020\/09\/IMG_20200903_185529_e1000.jpg\"><img loading=\"lazy\" decoding=\"async\" width=\"1000\" height=\"461\" src=\"https:\/\/www.hillclimb.de\/wp-content\/uploads\/2020\/09\/IMG_20200903_185529_e1000.jpg\" alt=\"\" class=\"wp-image-4077\" srcset=\"https:\/\/www.hillclimb.de\/wp-content\/uploads\/2020\/09\/IMG_20200903_185529_e1000.jpg 1000w, https:\/\/www.hillclimb.de\/wp-content\/uploads\/2020\/09\/IMG_20200903_185529_e1000-300x138.jpg 300w, https:\/\/www.hillclimb.de\/wp-content\/uploads\/2020\/09\/IMG_20200903_185529_e1000-768x354.jpg 768w, https:\/\/www.hillclimb.de\/wp-content\/uploads\/2020\/09\/IMG_20200903_185529_e1000-945x436.jpg 945w, https:\/\/www.hillclimb.de\/wp-content\/uploads\/2020\/09\/IMG_20200903_185529_e1000-600x277.jpg 600w\" sizes=\"(max-width: 1000px) 100vw, 1000px\" \/><\/a><figcaption>Eine kleine Flussquerung.<\/figcaption><\/figure>\n\n\n\n<figure class=\"wp-block-image size-large\"><a href=\"https:\/\/www.hillclimb.de\/wp-content\/uploads\/2020\/09\/IMG_20200903_190323_e1000.jpg\"><img loading=\"lazy\" decoding=\"async\" width=\"1000\" height=\"461\" src=\"https:\/\/www.hillclimb.de\/wp-content\/uploads\/2020\/09\/IMG_20200903_190323_e1000.jpg\" alt=\"\" class=\"wp-image-4075\" srcset=\"https:\/\/www.hillclimb.de\/wp-content\/uploads\/2020\/09\/IMG_20200903_190323_e1000.jpg 1000w, https:\/\/www.hillclimb.de\/wp-content\/uploads\/2020\/09\/IMG_20200903_190323_e1000-300x138.jpg 300w, https:\/\/www.hillclimb.de\/wp-content\/uploads\/2020\/09\/IMG_20200903_190323_e1000-768x354.jpg 768w, https:\/\/www.hillclimb.de\/wp-content\/uploads\/2020\/09\/IMG_20200903_190323_e1000-945x436.jpg 945w, https:\/\/www.hillclimb.de\/wp-content\/uploads\/2020\/09\/IMG_20200903_190323_e1000-600x277.jpg 600w\" sizes=\"(max-width: 1000px) 100vw, 1000px\" \/><\/a><figcaption>Der Fluss schneidet sich langsam in das Gestein ein.<\/figcaption><\/figure>\n\n\n\n<figure class=\"wp-block-image size-large\"><a href=\"https:\/\/www.hillclimb.de\/wp-content\/uploads\/2020\/09\/IMG_20200903_190803_e1000.jpg\"><img loading=\"lazy\" decoding=\"async\" width=\"1000\" height=\"559\" src=\"https:\/\/www.hillclimb.de\/wp-content\/uploads\/2020\/09\/IMG_20200903_190803_e1000.jpg\" alt=\"\" class=\"wp-image-4074\" srcset=\"https:\/\/www.hillclimb.de\/wp-content\/uploads\/2020\/09\/IMG_20200903_190803_e1000.jpg 1000w, https:\/\/www.hillclimb.de\/wp-content\/uploads\/2020\/09\/IMG_20200903_190803_e1000-300x168.jpg 300w, https:\/\/www.hillclimb.de\/wp-content\/uploads\/2020\/09\/IMG_20200903_190803_e1000-768x429.jpg 768w, https:\/\/www.hillclimb.de\/wp-content\/uploads\/2020\/09\/IMG_20200903_190803_e1000-945x528.jpg 945w, https:\/\/www.hillclimb.de\/wp-content\/uploads\/2020\/09\/IMG_20200903_190803_e1000-600x335.jpg 600w\" sizes=\"(max-width: 1000px) 100vw, 1000px\" \/><\/a><figcaption>Links sieht man nochmal etwas eindrucksvoller wie das Wasser am Gestein arbeitet, eine tiefe enge Schlucht ist entstanden.<\/figcaption><\/figure>\n\n\n\n<figure class=\"wp-block-image size-large\"><a href=\"https:\/\/www.hillclimb.de\/wp-content\/uploads\/2020\/09\/IMG_20200903_192016_e1000.jpg\"><img loading=\"lazy\" decoding=\"async\" width=\"1000\" height=\"461\" src=\"https:\/\/www.hillclimb.de\/wp-content\/uploads\/2020\/09\/IMG_20200903_192016_e1000.jpg\" alt=\"\" class=\"wp-image-4073\" srcset=\"https:\/\/www.hillclimb.de\/wp-content\/uploads\/2020\/09\/IMG_20200903_192016_e1000.jpg 1000w, https:\/\/www.hillclimb.de\/wp-content\/uploads\/2020\/09\/IMG_20200903_192016_e1000-300x138.jpg 300w, https:\/\/www.hillclimb.de\/wp-content\/uploads\/2020\/09\/IMG_20200903_192016_e1000-768x354.jpg 768w, https:\/\/www.hillclimb.de\/wp-content\/uploads\/2020\/09\/IMG_20200903_192016_e1000-945x436.jpg 945w, https:\/\/www.hillclimb.de\/wp-content\/uploads\/2020\/09\/IMG_20200903_192016_e1000-600x277.jpg 600w\" sizes=\"(max-width: 1000px) 100vw, 1000px\" \/><\/a><figcaption>Die Abfahrt war anders als vermutet kein Single-Trail sondern ne breite Baggerspur und dort stand der \u00dcbelt\u00e4ter. Einziger Vorteil, ich war schon relativ sp\u00e4t dran und so kam ich gerade noch im Hellen auf sch\u00f6nen Wegen nach Hause und musste nicht die Stra\u00dfe nutzen.<\/figcaption><\/figure>\n\n\n\n<figure class=\"wp-block-image size-large\"><a href=\"https:\/\/www.hillclimb.de\/wp-content\/uploads\/2020\/09\/IMG_20200903_193537_e1000.jpg\"><img loading=\"lazy\" decoding=\"async\" width=\"1000\" height=\"461\" src=\"https:\/\/www.hillclimb.de\/wp-content\/uploads\/2020\/09\/IMG_20200903_193537_e1000.jpg\" alt=\"\" class=\"wp-image-4120\" srcset=\"https:\/\/www.hillclimb.de\/wp-content\/uploads\/2020\/09\/IMG_20200903_193537_e1000.jpg 1000w, https:\/\/www.hillclimb.de\/wp-content\/uploads\/2020\/09\/IMG_20200903_193537_e1000-300x138.jpg 300w, https:\/\/www.hillclimb.de\/wp-content\/uploads\/2020\/09\/IMG_20200903_193537_e1000-768x354.jpg 768w, https:\/\/www.hillclimb.de\/wp-content\/uploads\/2020\/09\/IMG_20200903_193537_e1000-945x436.jpg 945w, https:\/\/www.hillclimb.de\/wp-content\/uploads\/2020\/09\/IMG_20200903_193537_e1000-600x277.jpg 600w\" sizes=\"(max-width: 1000px) 100vw, 1000px\" \/><\/a><figcaption>Auf dem R\u00fcckweg folgte ich haupts\u00e4chlich der Strecke des Lavkarittet einem Mountainbike-Rennen. Es war eine einfache Strecke, aber so konnte ich die Stra\u00dfe umgehen.<\/figcaption><\/figure>\n\n\n\n<figure class=\"wp-block-image size-large\"><a href=\"https:\/\/www.hillclimb.de\/wp-content\/uploads\/2020\/09\/IMG_20200903_202418_e1000.jpg\"><img loading=\"lazy\" decoding=\"async\" width=\"1000\" height=\"461\" src=\"https:\/\/www.hillclimb.de\/wp-content\/uploads\/2020\/09\/IMG_20200903_202418_e1000.jpg\" alt=\"\" class=\"wp-image-4071\" srcset=\"https:\/\/www.hillclimb.de\/wp-content\/uploads\/2020\/09\/IMG_20200903_202418_e1000.jpg 1000w, https:\/\/www.hillclimb.de\/wp-content\/uploads\/2020\/09\/IMG_20200903_202418_e1000-300x138.jpg 300w, https:\/\/www.hillclimb.de\/wp-content\/uploads\/2020\/09\/IMG_20200903_202418_e1000-768x354.jpg 768w, https:\/\/www.hillclimb.de\/wp-content\/uploads\/2020\/09\/IMG_20200903_202418_e1000-945x436.jpg 945w, https:\/\/www.hillclimb.de\/wp-content\/uploads\/2020\/09\/IMG_20200903_202418_e1000-600x277.jpg 600w\" sizes=\"(max-width: 1000px) 100vw, 1000px\" \/><\/a><figcaption>Als Abendschmaus gab es noch Himbeeren am Wegesrand kurz vor dem Zeltplatz.<\/figcaption><\/figure>\n\n\n\n<figure class=\"wp-block-image size-large\"><a href=\"https:\/\/www.hillclimb.de\/wp-content\/uploads\/2020\/09\/IMG_20200903_195009_e1000.jpg\"><img loading=\"lazy\" decoding=\"async\" width=\"1000\" height=\"461\" src=\"https:\/\/www.hillclimb.de\/wp-content\/uploads\/2020\/09\/IMG_20200903_195009_e1000.jpg\" alt=\"\" class=\"wp-image-4072\" srcset=\"https:\/\/www.hillclimb.de\/wp-content\/uploads\/2020\/09\/IMG_20200903_195009_e1000.jpg 1000w, https:\/\/www.hillclimb.de\/wp-content\/uploads\/2020\/09\/IMG_20200903_195009_e1000-300x138.jpg 300w, https:\/\/www.hillclimb.de\/wp-content\/uploads\/2020\/09\/IMG_20200903_195009_e1000-768x354.jpg 768w, https:\/\/www.hillclimb.de\/wp-content\/uploads\/2020\/09\/IMG_20200903_195009_e1000-945x436.jpg 945w, https:\/\/www.hillclimb.de\/wp-content\/uploads\/2020\/09\/IMG_20200903_195009_e1000-600x277.jpg 600w\" sizes=\"(max-width: 1000px) 100vw, 1000px\" \/><\/a><figcaption>Berggl\u00fchen.<\/figcaption><\/figure>\n\n\n\n<figure class=\"wp-block-image size-large\"><a href=\"https:\/\/www.hillclimb.de\/wp-content\/uploads\/2020\/09\/IMG_20200904_091636_e1600.jpg\"><img loading=\"lazy\" decoding=\"async\" width=\"1024\" height=\"321\" src=\"https:\/\/www.hillclimb.de\/wp-content\/uploads\/2020\/09\/IMG_20200904_091636_e1600-1024x321.jpg\" alt=\"\" class=\"wp-image-4070\" srcset=\"https:\/\/www.hillclimb.de\/wp-content\/uploads\/2020\/09\/IMG_20200904_091636_e1600-1024x321.jpg 1024w, https:\/\/www.hillclimb.de\/wp-content\/uploads\/2020\/09\/IMG_20200904_091636_e1600-300x94.jpg 300w, https:\/\/www.hillclimb.de\/wp-content\/uploads\/2020\/09\/IMG_20200904_091636_e1600-768x240.jpg 768w, https:\/\/www.hillclimb.de\/wp-content\/uploads\/2020\/09\/IMG_20200904_091636_e1600-1536x481.jpg 1536w, https:\/\/www.hillclimb.de\/wp-content\/uploads\/2020\/09\/IMG_20200904_091636_e1600-945x296.jpg 945w, https:\/\/www.hillclimb.de\/wp-content\/uploads\/2020\/09\/IMG_20200904_091636_e1600-600x188.jpg 600w, https:\/\/www.hillclimb.de\/wp-content\/uploads\/2020\/09\/IMG_20200904_091636_e1600.jpg 1600w\" sizes=\"(max-width: 1024px) 100vw, 1024px\" \/><\/a><figcaption>Am n\u00e4chsten Morgen war von Sonne keine Spur, aber immerhin blieb es trocken.<\/figcaption><\/figure>\n\n\n\n<figure class=\"wp-block-image size-large\"><a href=\"https:\/\/www.hillclimb.de\/wp-content\/uploads\/2020\/09\/IMG_20200904_113206_e1000.jpg\"><img loading=\"lazy\" decoding=\"async\" width=\"1000\" height=\"461\" src=\"https:\/\/www.hillclimb.de\/wp-content\/uploads\/2020\/09\/IMG_20200904_113206_e1000.jpg\" alt=\"\" class=\"wp-image-4069\" srcset=\"https:\/\/www.hillclimb.de\/wp-content\/uploads\/2020\/09\/IMG_20200904_113206_e1000.jpg 1000w, https:\/\/www.hillclimb.de\/wp-content\/uploads\/2020\/09\/IMG_20200904_113206_e1000-300x138.jpg 300w, https:\/\/www.hillclimb.de\/wp-content\/uploads\/2020\/09\/IMG_20200904_113206_e1000-768x354.jpg 768w, https:\/\/www.hillclimb.de\/wp-content\/uploads\/2020\/09\/IMG_20200904_113206_e1000-945x436.jpg 945w, https:\/\/www.hillclimb.de\/wp-content\/uploads\/2020\/09\/IMG_20200904_113206_e1000-600x277.jpg 600w\" sizes=\"(max-width: 1000px) 100vw, 1000px\" \/><\/a><figcaption>Als Tagesziel hatten wir uns Alta ausgesucht, denn morgen war das MTB-Rennen in Skaidi. Um nicht zu sp\u00e4t in Alta einzutreffen, wir wollten noch in ein Steinmalerei-Museum welches 15 Uhr schloss hielten wir nur sparsam an. Doch wenigstens eine der Gletscherzungen wollten wir noch digital festhalten.<\/figcaption><\/figure>\n\n\n\n<figure class=\"wp-block-image size-large\"><a href=\"https:\/\/www.hillclimb.de\/wp-content\/uploads\/2020\/09\/IMG_20200904_151940_e1000.jpg\"><img loading=\"lazy\" decoding=\"async\" width=\"1000\" height=\"461\" src=\"https:\/\/www.hillclimb.de\/wp-content\/uploads\/2020\/09\/IMG_20200904_151940_e1000.jpg\" alt=\"\" class=\"wp-image-4068\" srcset=\"https:\/\/www.hillclimb.de\/wp-content\/uploads\/2020\/09\/IMG_20200904_151940_e1000.jpg 1000w, https:\/\/www.hillclimb.de\/wp-content\/uploads\/2020\/09\/IMG_20200904_151940_e1000-300x138.jpg 300w, https:\/\/www.hillclimb.de\/wp-content\/uploads\/2020\/09\/IMG_20200904_151940_e1000-768x354.jpg 768w, https:\/\/www.hillclimb.de\/wp-content\/uploads\/2020\/09\/IMG_20200904_151940_e1000-945x436.jpg 945w, https:\/\/www.hillclimb.de\/wp-content\/uploads\/2020\/09\/IMG_20200904_151940_e1000-600x277.jpg 600w\" sizes=\"(max-width: 1000px) 100vw, 1000px\" \/><\/a><figcaption>Alta-Museum mit Steinmalereien. Hier sieht man wie die Rentier- und B\u00e4renjagd in Zeichnungen festgehalten wurden.<\/figcaption><\/figure>\n\n\n\n<figure class=\"wp-block-image size-large\"><a href=\"https:\/\/www.hillclimb.de\/wp-content\/uploads\/2020\/09\/IMG_20200904_162115_e1000.jpg\"><img loading=\"lazy\" decoding=\"async\" width=\"1000\" height=\"765\" src=\"https:\/\/www.hillclimb.de\/wp-content\/uploads\/2020\/09\/IMG_20200904_162115_e1000.jpg\" alt=\"\" class=\"wp-image-4067\" srcset=\"https:\/\/www.hillclimb.de\/wp-content\/uploads\/2020\/09\/IMG_20200904_162115_e1000.jpg 1000w, https:\/\/www.hillclimb.de\/wp-content\/uploads\/2020\/09\/IMG_20200904_162115_e1000-300x230.jpg 300w, https:\/\/www.hillclimb.de\/wp-content\/uploads\/2020\/09\/IMG_20200904_162115_e1000-768x588.jpg 768w, https:\/\/www.hillclimb.de\/wp-content\/uploads\/2020\/09\/IMG_20200904_162115_e1000-945x723.jpg 945w, https:\/\/www.hillclimb.de\/wp-content\/uploads\/2020\/09\/IMG_20200904_162115_e1000-600x459.jpg 600w\" sizes=\"(max-width: 1000px) 100vw, 1000px\" \/><\/a><figcaption>Diese Steinmalereien wurden nur in den Stein gemeiselt.<\/figcaption><\/figure>\n\n\n\n<figure class=\"wp-block-image size-large\"><a href=\"https:\/\/www.hillclimb.de\/wp-content\/uploads\/2020\/09\/IMG_20200905_071757_e1000.jpg\"><img loading=\"lazy\" decoding=\"async\" width=\"1000\" height=\"458\" src=\"https:\/\/www.hillclimb.de\/wp-content\/uploads\/2020\/09\/IMG_20200905_071757_e1000.jpg\" alt=\"\" class=\"wp-image-4066\" srcset=\"https:\/\/www.hillclimb.de\/wp-content\/uploads\/2020\/09\/IMG_20200905_071757_e1000.jpg 1000w, https:\/\/www.hillclimb.de\/wp-content\/uploads\/2020\/09\/IMG_20200905_071757_e1000-300x137.jpg 300w, https:\/\/www.hillclimb.de\/wp-content\/uploads\/2020\/09\/IMG_20200905_071757_e1000-768x352.jpg 768w, https:\/\/www.hillclimb.de\/wp-content\/uploads\/2020\/09\/IMG_20200905_071757_e1000-945x433.jpg 945w, https:\/\/www.hillclimb.de\/wp-content\/uploads\/2020\/09\/IMG_20200905_071757_e1000-600x275.jpg 600w\" sizes=\"(max-width: 1000px) 100vw, 1000px\" \/><\/a><figcaption>Auch in Alta fehlte es nicht am Meerblick aus dem Zelt. Abends packten wir noch den Grill aus und legten neben Fleisch auch etwas Lachs auf den Grill. Sehr lecker und bedarf Wiederholung.<\/figcaption><\/figure>\n\n\n\n<p><\/p>\n","protected":false},"excerpt":{"rendered":"<p>Ich berichte ja noch immer aus der Vergangenheit, wir befinden uns in der Woche vom 31.08. mit den folgenden Tagen. Ich musste also leidvoll meinen Urlaub unterbrechen \ud83d\ude09 . Um rechtzeitig bei der Arbeit in Troms\u00f6 zu erscheinen stellten wir&#8230; <a class=\"more-link\" href=\"https:\/\/www.hillclimb.de\/?p=4100\">Weiterlesen &rarr;<\/a><\/p>\n","protected":false},"author":1,"featured_media":4068,"comment_status":"closed","ping_status":"closed","sticky":false,"template":"","format":"standard","meta":{"footnotes":""},"categories":[1,15,16],"tags":[],"_links":{"self":[{"href":"https:\/\/www.hillclimb.de\/index.php?rest_route=\/wp\/v2\/posts\/4100"}],"collection":[{"href":"https:\/\/www.hillclimb.de\/index.php?rest_route=\/wp\/v2\/posts"}],"about":[{"href":"https:\/\/www.hillclimb.de\/index.php?rest_route=\/wp\/v2\/types\/post"}],"author":[{"embeddable":true,"href":"https:\/\/www.hillclimb.de\/index.php?rest_route=\/wp\/v2\/users\/1"}],"replies":[{"embeddable":true,"href":"https:\/\/www.hillclimb.de\/index.php?rest_route=%2Fwp%2Fv2%2Fcomments&post=4100"}],"version-history":[{"count":0,"href":"https:\/\/www.hillclimb.de\/index.php?rest_route=\/wp\/v2\/posts\/4100\/revisions"}],"wp:featuredmedia":[{"embeddable":true,"href":"https:\/\/www.hillclimb.de\/index.php?rest_route=\/wp\/v2\/media\/4068"}],"wp:attachment":[{"href":"https:\/\/www.hillclimb.de\/index.php?rest_route=%2Fwp%2Fv2%2Fmedia&parent=4100"}],"wp:term":[{"taxonomy":"category","embeddable":true,"href":"https:\/\/www.hillclimb.de\/index.php?rest_route=%2Fwp%2Fv2%2Fcategories&post=4100"},{"taxonomy":"post_tag","embeddable":true,"href":"https:\/\/www.hillclimb.de\/index.php?rest_route=%2Fwp%2Fv2%2Ftags&post=4100"}],"curies":[{"name":"wp","href":"https:\/\/api.w.org\/{rel}","templated":true}]}}